{"id":891,"date":"2015-01-17T01:11:15","date_gmt":"2015-01-17T00:11:15","guid":{"rendered":"http:\/\/dziennikgorski.type.pl\/?p=891"},"modified":"2015-01-17T01:11:15","modified_gmt":"2015-01-17T00:11:15","slug":"c-bs-04-02-szalinowy-potok","status":"publish","type":"post","link":"http:\/\/dziennikgorski.type.pl\/?p=891","title":{"rendered":"C.Bs-04.02 &#8211; Szalinowy Potok"},"content":{"rendered":"<p><img loading=\"lazy\" decoding=\"async\" class=\"alignnone size-full wp-image-892\" src=\"http:\/\/dziennikgorski.type.pl\/wp-content\/uploads\/2015\/01\/C-Bs-04-02.jpg\" alt=\"C-Bs-04-02\" width=\"263\" height=\"350\" srcset=\"http:\/\/dziennikgorski.type.pl\/wp-content\/uploads\/2015\/01\/C-Bs-04-02.jpg 263w, http:\/\/dziennikgorski.type.pl\/wp-content\/uploads\/2015\/01\/C-Bs-04-02-225x300.jpg 225w\" sizes=\"(max-width: 263px) 100vw, 263px\" \/><\/p>\n<p><!--more--><\/p>\n<p><em>Ocena og\u00f3lna:<\/em> <strong>2<\/strong><br \/>\n<em>Malowniczo\u015b\u0107:<\/em> <strong>3<\/strong><\/p>\n<p><em>Nr inw. kanionu:<\/em> <strong>C.Bs-04.02<\/strong><br \/>\n<em>Lokalizacja:<\/em> Beskid \u015al\u0105ski, Jaworze G\u00f3rne; \u017ar\u00f3d\u0142owy odcinek Szerokiego Potoku &#8211; pocz\u0105tek pod szczytem Przykrej<\/p>\n<h3>Opis<\/h3>\n<p>Przej\u015bcie tego cieku niew\u0105tpliwie daje satysfakcj\u0119 &#8211; wymaga pokonywania powalonych pni oraz zwa\u0142\u00f3w starych li\u015bci. Trzeba te\u017c trawersowa\u0107 strome, kruche, gro\u017c\u0105ce osuni\u0119ciem si\u0119 \u015bciany.<br \/>\nU g\u00f3ry odcinki techniczne, czyli niemal pionowe fliszowe pro\u017cki.<\/p>\n<h3>Pierwsze udokumentowane przej\u015bcie<\/h3>\n<p><em>Data:<\/em> 2013.01.05<br \/>\n<em>Sk\u0142ad zespo\u0142u:<\/em> Zdzis\u0142aw Grebl, Pawe\u0142 Kasperkiewicz, Beata Michalska-Kasperkiewicz, Sebastian Korczyk<br \/>\n<em>Uwagi:<\/em> Dokonano kanion(walk)ingu wstecznego, zimowego (przynajmniej nominalnie). Ze wzgl\u0119du na brak gumowc\u00f3w i pianek nie by\u0142a to na ca\u0142ej d\u0142ugo\u015bci <em>direttissima<\/em>.<br \/>\n<em>Sprawozdanie:<\/em> <a title=\"Kliknij...\" href=\"http:\/\/dziennikgorski.type.pl\/?p=65\"><strong>LINK<\/strong><\/a><\/p>\n","protected":false},"excerpt":{"rendered":"","protected":false},"author":1,"featured_media":0,"comment_status":"closed","ping_status":"closed","sticky":false,"template":"","format":"standard","meta":{"footnotes":""},"categories":[87],"tags":[20,23],"_links":{"self":[{"href":"http:\/\/dziennikgorski.type.pl\/index.php?rest_route=\/wp\/v2\/posts\/891"}],"collection":[{"href":"http:\/\/dziennikgorski.type.pl\/index.php?rest_route=\/wp\/v2\/posts"}],"about":[{"href":"http:\/\/dziennikgorski.type.pl\/index.php?rest_route=\/wp\/v2\/types\/post"}],"author":[{"embeddable":true,"href":"http:\/\/dziennikgorski.type.pl\/index.php?rest_route=\/wp\/v2\/users\/1"}],"replies":[{"embeddable":true,"href":"http:\/\/dziennikgorski.type.pl\/index.php?rest_route=%2Fwp%2Fv2%2Fcomments&post=891"}],"version-history":[{"count":1,"href":"http:\/\/dziennikgorski.type.pl\/index.php?rest_route=\/wp\/v2\/posts\/891\/revisions"}],"predecessor-version":[{"id":893,"href":"http:\/\/dziennikgorski.type.pl\/index.php?rest_route=\/wp\/v2\/posts\/891\/revisions\/893"}],"wp:attachment":[{"href":"http:\/\/dziennikgorski.type.pl\/index.php?rest_route=%2Fwp%2Fv2%2Fmedia&parent=891"}],"wp:term":[{"taxonomy":"category","embeddable":true,"href":"http:\/\/dziennikgorski.type.pl\/index.php?rest_route=%2Fwp%2Fv2%2Fcategories&post=891"},{"taxonomy":"post_tag","embeddable":true,"href":"http:\/\/dziennikgorski.type.pl\/index.php?rest_route=%2Fwp%2Fv2%2Ftags&post=891"}],"curies":[{"name":"wp","href":"https:\/\/api.w.org\/{rel}","templated":true}]}}