{"id":888,"date":"2015-01-17T01:04:50","date_gmt":"2015-01-17T00:04:50","guid":{"rendered":"http:\/\/dziennikgorski.type.pl\/?p=888"},"modified":"2015-01-17T01:04:50","modified_gmt":"2015-01-17T00:04:50","slug":"c-bs-04-01-jasionka","status":"publish","type":"post","link":"http:\/\/dziennikgorski.type.pl\/?p=888","title":{"rendered":"C.Bs-04.01 &#8211; Jasionka"},"content":{"rendered":"<p><img loading=\"lazy\" decoding=\"async\" class=\"alignnone size-full wp-image-889\" src=\"http:\/\/dziennikgorski.type.pl\/wp-content\/uploads\/2015\/01\/C-Bs-04-01.jpg\" alt=\"C-Bs-04-01\" width=\"350\" height=\"262\" srcset=\"http:\/\/dziennikgorski.type.pl\/wp-content\/uploads\/2015\/01\/C-Bs-04-01.jpg 350w, http:\/\/dziennikgorski.type.pl\/wp-content\/uploads\/2015\/01\/C-Bs-04-01-300x225.jpg 300w\" sizes=\"(max-width: 350px) 100vw, 350px\" \/><\/p>\n<p><!--more--><\/p>\n<p><em>Ocena og\u00f3lna:<\/em> <strong>3<\/strong><br \/>\n<em>Malowniczo\u015b\u0107:<\/em> <strong>3<\/strong><\/p>\n<p><em>Nr inw. kanionu:<\/em> <strong>C.Bs-04.01<\/strong><br \/>\n<em>Lokalizacja:<\/em> Beskid \u015al\u0105ski, Jaworze Na\u0142\u0119\u017ce<\/p>\n<h3>Opis<\/h3>\n<p>Sporo przeszk\u00f3d, g\u0142\u00f3wnie sztucznych (&#8220;jazy&#8221; etc.).<\/p>\n<h3>Pierwsze udokumentowane przej\u015bcie<\/h3>\n<p><em>Data:<\/em> 2012.07.04<br \/>\n<em>Sk\u0142ad zespo\u0142u:<\/em> Jerzy Ganszer, Micha\u0142 Ganszer, Zdzis\u0142aw Grebl (pomys\u0142odawca i Kierownik akcji), Harry (<em>Canis lupus familiaris<\/em>), Rafa\u0142 Konior, Pawe\u0142 Kasperkiewicz, Kuba Krajewski, Beata Michalska-Kasperkiewicz, Wac\u0142aw Michalski, Jerzy Pukowski, Zofia Walczyk (OT)<br \/>\n<em>Uwagi:<\/em> Pokonano odcinek ponad kaplic\u0105; odby\u0142 si\u0119 zjazd na jednym z jaz\u00f3w.<br \/>\n<em>Sprawozdanie:<\/em> <a title=\"Kliknij...\" href=\"http:\/\/www.speleo.bielsko.pl\/sprawozdania\/print.php?id=3359\" target=\"_blank\"><strong>LINK<\/strong><\/a><\/p>\n","protected":false},"excerpt":{"rendered":"","protected":false},"author":1,"featured_media":0,"comment_status":"closed","ping_status":"closed","sticky":false,"template":"","format":"standard","meta":{"footnotes":""},"categories":[87],"tags":[20,23],"_links":{"self":[{"href":"http:\/\/dziennikgorski.type.pl\/index.php?rest_route=\/wp\/v2\/posts\/888"}],"collection":[{"href":"http:\/\/dziennikgorski.type.pl\/index.php?rest_route=\/wp\/v2\/posts"}],"about":[{"href":"http:\/\/dziennikgorski.type.pl\/index.php?rest_route=\/wp\/v2\/types\/post"}],"author":[{"embeddable":true,"href":"http:\/\/dziennikgorski.type.pl\/index.php?rest_route=\/wp\/v2\/users\/1"}],"replies":[{"embeddable":true,"href":"http:\/\/dziennikgorski.type.pl\/index.php?rest_route=%2Fwp%2Fv2%2Fcomments&post=888"}],"version-history":[{"count":1,"href":"http:\/\/dziennikgorski.type.pl\/index.php?rest_route=\/wp\/v2\/posts\/888\/revisions"}],"predecessor-version":[{"id":890,"href":"http:\/\/dziennikgorski.type.pl\/index.php?rest_route=\/wp\/v2\/posts\/888\/revisions\/890"}],"wp:attachment":[{"href":"http:\/\/dziennikgorski.type.pl\/index.php?rest_route=%2Fwp%2Fv2%2Fmedia&parent=888"}],"wp:term":[{"taxonomy":"category","embeddable":true,"href":"http:\/\/dziennikgorski.type.pl\/index.php?rest_route=%2Fwp%2Fv2%2Fcategories&post=888"},{"taxonomy":"post_tag","embeddable":true,"href":"http:\/\/dziennikgorski.type.pl\/index.php?rest_route=%2Fwp%2Fv2%2Ftags&post=888"}],"curies":[{"name":"wp","href":"https:\/\/api.w.org\/{rel}","templated":true}]}}