{"id":65,"date":"2015-01-05T16:21:48","date_gmt":"2015-01-05T16:21:48","guid":{"rendered":"http:\/\/dziennikgorski.type.pl\/?p=65"},"modified":"2015-01-17T01:12:45","modified_gmt":"2015-01-17T00:12:45","slug":"szalinowy-potok-2013-01-05","status":"publish","type":"post","link":"http:\/\/dziennikgorski.type.pl\/?p=65","title":{"rendered":"Szalinowy Potok &#8211; 2013.01.05"},"content":{"rendered":"<p><a href=\"http:\/\/dziennikgorski.type.pl\/?attachment_id=66\" rel=\"attachment wp-att-66\"><img loading=\"lazy\" decoding=\"async\" class=\"alignnone size-full wp-image-66\" src=\"http:\/\/dziennikgorski.type.pl\/wp-content\/uploads\/2015\/01\/20130105.jpg\" alt=\"20130105\" width=\"413\" height=\"550\" srcset=\"http:\/\/dziennikgorski.type.pl\/wp-content\/uploads\/2015\/01\/20130105.jpg 413w, http:\/\/dziennikgorski.type.pl\/wp-content\/uploads\/2015\/01\/20130105-225x300.jpg 225w\" sizes=\"(max-width: 413px) 100vw, 413px\" \/><\/a><\/p>\n<p><!--more--><\/p>\n<p>Pierwsze udokumentowane przej\u015bcie <a title=\"Kliknij...\" href=\"http:\/\/dziennikgorski.type.pl\/?p=891\"><strong>Szalinowego Potoku C.Bs-04.02<\/strong><\/a> (= \u017ar\u00f3d\u0142owego odcinka Szerokiego Potoku) nad Jaworzem G\u00f3rnym.<br \/>\nWyczyn mo\u017cna okre\u015bli\u0107 mianem pionierskiego: dokonali\u015bmy kanion(walk)ingu wstecznego (pod pr\u0105d strumienia) zimowego (przynajmniej nominalnie). Przej\u015bcie wymaga\u0142o pokonywania odcink\u00f3w technicznych (wspinaczka po niemal pionowych fliszowych pro\u017ckach &#8211; patrz: zdj\u0119cie) i powalonych pni drzew, a tak\u017ce trawersowania stromych, gro\u017c\u0105cych osuni\u0119ciem si\u0119 \u015bcian kanionu. Grz\u0119\u017ali\u015bmy w zwa\u0142ach starych li\u015bci, jeden z cz\u0142onk\u00f3w Zespo\u0142u Zabezpieczaj\u0105cego wpad\u0142 do wody. Stwierdzono obecno\u015b\u0107 miniaturowego lodospadu.<br \/>\nNagrod\u0105 za trudy by\u0142 widok dzikich ost\u0119p\u00f3w i \u015bwiadomo\u015b\u0107, \u017ce wkraczamy w jeden z rzadziej odwiedzanych zak\u0105tk\u00f3w Beskidu \u015al\u0105skiego. Wyprawa dotar\u0142a a\u017c do zawieszonych wysoko \u017ar\u00f3dlisk potoku. Czuli\u015bmy si\u0119 jak Jacek Pa\u0142kiewicz u \u017ar\u00f3de\u0142 Amazonki!<br \/>\nP\u00f3\u017aniej wyszli\u015bmy na grzbiet \u0142\u0105cz\u0105cy Wielk\u0105 Polan\u0119 z Przykr\u0105. Tam rozdzielili\u015bmy si\u0119: autor sprawozdania wr\u00f3ci\u0142 \u017c\u00f3\u0142tym szlakiem do Jaworza G\u00f3rnego, natomiast reszta ekipy uda\u0142a si\u0119 przez Bucznik do Na\u0142\u0119\u017ca.<\/p>\n<p>(Fot. Beata &amp; Pawe\u0142)<\/p>\n<p>Sebastian &#8211; Zesp\u00f3\u0142 Szturmowy\u00a0 |\u00a0 Zdzis\u0142aw &#8211; Zesp\u00f3\u0142 Szturmowy\u00a0 |\u00a0 Beata &amp; Pawe\u0142 &#8211; Zesp\u00f3\u0142 Zabezpieczaj\u0105cy<\/p>\n","protected":false},"excerpt":{"rendered":"","protected":false},"author":1,"featured_media":0,"comment_status":"closed","ping_status":"closed","sticky":false,"template":"","format":"standard","meta":{"footnotes":""},"categories":[7],"tags":[20,23],"_links":{"self":[{"href":"http:\/\/dziennikgorski.type.pl\/index.php?rest_route=\/wp\/v2\/posts\/65"}],"collection":[{"href":"http:\/\/dziennikgorski.type.pl\/index.php?rest_route=\/wp\/v2\/posts"}],"about":[{"href":"http:\/\/dziennikgorski.type.pl\/index.php?rest_route=\/wp\/v2\/types\/post"}],"author":[{"embeddable":true,"href":"http:\/\/dziennikgorski.type.pl\/index.php?rest_route=\/wp\/v2\/users\/1"}],"replies":[{"embeddable":true,"href":"http:\/\/dziennikgorski.type.pl\/index.php?rest_route=%2Fwp%2Fv2%2Fcomments&post=65"}],"version-history":[{"count":4,"href":"http:\/\/dziennikgorski.type.pl\/index.php?rest_route=\/wp\/v2\/posts\/65\/revisions"}],"predecessor-version":[{"id":894,"href":"http:\/\/dziennikgorski.type.pl\/index.php?rest_route=\/wp\/v2\/posts\/65\/revisions\/894"}],"wp:attachment":[{"href":"http:\/\/dziennikgorski.type.pl\/index.php?rest_route=%2Fwp%2Fv2%2Fmedia&parent=65"}],"wp:term":[{"taxonomy":"category","embeddable":true,"href":"http:\/\/dziennikgorski.type.pl\/index.php?rest_route=%2Fwp%2Fv2%2Fcategories&post=65"},{"taxonomy":"post_tag","embeddable":true,"href":"http:\/\/dziennikgorski.type.pl\/index.php?rest_route=%2Fwp%2Fv2%2Ftags&post=65"}],"curies":[{"name":"wp","href":"https:\/\/api.w.org\/{rel}","templated":true}]}}