{"id":631,"date":"2015-01-14T13:45:11","date_gmt":"2015-01-14T13:45:11","guid":{"rendered":"http:\/\/dziennikgorski.type.pl\/?p=631"},"modified":"2015-01-14T13:45:11","modified_gmt":"2015-01-14T13:45:11","slug":"czekajac-na-swietego-marcina","status":"publish","type":"post","link":"http:\/\/dziennikgorski.type.pl\/?p=631","title":{"rendered":"Czekaj\u0105c na \u015bwi\u0119tego Marcina"},"content":{"rendered":"<p><a href=\"http:\/\/dziennikgorski.type.pl\/?attachment_id=632\" rel=\"attachment wp-att-632\"><img loading=\"lazy\" decoding=\"async\" class=\"alignnone size-full wp-image-632\" src=\"http:\/\/dziennikgorski.type.pl\/wp-content\/uploads\/2015\/01\/fi_53_img_5986_filtered.jpg\" alt=\"fi_53_img_5986_filtered\" width=\"1024\" height=\"550\" srcset=\"http:\/\/dziennikgorski.type.pl\/wp-content\/uploads\/2015\/01\/fi_53_img_5986_filtered.jpg 1024w, http:\/\/dziennikgorski.type.pl\/wp-content\/uploads\/2015\/01\/fi_53_img_5986_filtered-300x161.jpg 300w\" sizes=\"(max-width: 1024px) 100vw, 1024px\" \/><\/a><\/p>\n<p>12 listopada 2012 \u2013 Gdzie\u015b w Beskidach<\/p>\n","protected":false},"excerpt":{"rendered":"<p>12 listopada 2012 \u2013 Gdzie\u015b w Beskidach<\/p>\n","protected":false},"author":1,"featured_media":0,"comment_status":"closed","ping_status":"closed","sticky":false,"template":"","format":"standard","meta":{"footnotes":""},"categories":[4],"tags":[20,76],"_links":{"self":[{"href":"http:\/\/dziennikgorski.type.pl\/index.php?rest_route=\/wp\/v2\/posts\/631"}],"collection":[{"href":"http:\/\/dziennikgorski.type.pl\/index.php?rest_route=\/wp\/v2\/posts"}],"about":[{"href":"http:\/\/dziennikgorski.type.pl\/index.php?rest_route=\/wp\/v2\/types\/post"}],"author":[{"embeddable":true,"href":"http:\/\/dziennikgorski.type.pl\/index.php?rest_route=\/wp\/v2\/users\/1"}],"replies":[{"embeddable":true,"href":"http:\/\/dziennikgorski.type.pl\/index.php?rest_route=%2Fwp%2Fv2%2Fcomments&post=631"}],"version-history":[{"count":1,"href":"http:\/\/dziennikgorski.type.pl\/index.php?rest_route=\/wp\/v2\/posts\/631\/revisions"}],"predecessor-version":[{"id":633,"href":"http:\/\/dziennikgorski.type.pl\/index.php?rest_route=\/wp\/v2\/posts\/631\/revisions\/633"}],"wp:attachment":[{"href":"http:\/\/dziennikgorski.type.pl\/index.php?rest_route=%2Fwp%2Fv2%2Fmedia&parent=631"}],"wp:term":[{"taxonomy":"category","embeddable":true,"href":"http:\/\/dziennikgorski.type.pl\/index.php?rest_route=%2Fwp%2Fv2%2Fcategories&post=631"},{"taxonomy":"post_tag","embeddable":true,"href":"http:\/\/dziennikgorski.type.pl\/index.php?rest_route=%2Fwp%2Fv2%2Ftags&post=631"}],"curies":[{"name":"wp","href":"https:\/\/api.w.org\/{rel}","templated":true}]}}