{"id":4819,"date":"2022-03-26T20:18:48","date_gmt":"2022-03-26T19:18:48","guid":{"rendered":"http:\/\/dziennikgorski.type.pl\/?p=4819"},"modified":"2022-03-26T20:18:49","modified_gmt":"2022-03-26T19:18:49","slug":"4819","status":"publish","type":"post","link":"http:\/\/dziennikgorski.type.pl\/?p=4819","title":{"rendered":"[&#8216;]"},"content":{"rendered":"\n<!--more-->\n\n\n\n<figure class=\"wp-block-image\"><img loading=\"lazy\" decoding=\"async\" width=\"800\" height=\"530\" src=\"http:\/\/dziennikgorski.type.pl\/wp-content\/uploads\/2022\/03\/m-z.jpg\" alt=\"\" class=\"wp-image-4820\" srcset=\"http:\/\/dziennikgorski.type.pl\/wp-content\/uploads\/2022\/03\/m-z.jpg 800w, http:\/\/dziennikgorski.type.pl\/wp-content\/uploads\/2022\/03\/m-z-300x199.jpg 300w\" sizes=\"(max-width: 800px) 100vw, 800px\" \/><figcaption>Kabanosik nad Smocz\u0105 Dolink\u0105, 4 maja 2005 (Fot. w\u0142asna)<\/figcaption><\/figure>\n\n\n\n<p>Z wielkim smutkiem informujemy, \u017ce 19 lutego 2022 roku niespodziewanie odszed\u0142 Belfegor. Po\u017cegnali\u015bmy go w Chorzowie, 16 lutego.<\/p>\n\n\n\n<p>By\u0142 wybitnym groto\u0142azem i taternikiem, alpinist\u0105 i  andynist\u0105. By\u0142 znakomitym przewodnikiem g\u00f3rskim, znawc\u0105 Tatr, Alp i Kaukazu,  autorem interesuj\u0105cych publikacji o tematyce g\u00f3rskiej. By\u0142 dla nas Koleg\u0105 z SKPG &#8220;Harnasie&#8221;, a przede wszystkim  \u2013  Towarzyszem podczas wielu wycieczek g\u00f3rskich, wyjazd\u00f3w i wspinaczek. By\u0142 dobrym i m\u0105drym Cz\u0142owiekiem, wspania\u0142ym Przyjacielem.<\/p>\n\n\n\n<p>Bardzo wiele mu zawdzi\u0119czamy.<\/p>\n\n\n\n<p>Wspomnienie o Marku napisane przez Jana Kowalika: <strong><a href=\"https:\/\/www.skpg.gliwice.pl\/2022\/02\/23\/odszedl-marek-belfegor-zygmanski\/\" target=\"_blank\" rel=\"noreferrer noopener\" aria-label=\"LINK (otwiera si\u0119 w nowej zak\u0142adce)\">LINK<\/a><\/strong><\/p>\n","protected":false},"excerpt":{"rendered":"","protected":false},"author":1,"featured_media":0,"comment_status":"closed","ping_status":"closed","sticky":false,"template":"","format":"standard","meta":{"footnotes":""},"categories":[211,133,127],"tags":[93],"_links":{"self":[{"href":"http:\/\/dziennikgorski.type.pl\/index.php?rest_route=\/wp\/v2\/posts\/4819"}],"collection":[{"href":"http:\/\/dziennikgorski.type.pl\/index.php?rest_route=\/wp\/v2\/posts"}],"about":[{"href":"http:\/\/dziennikgorski.type.pl\/index.php?rest_route=\/wp\/v2\/types\/post"}],"author":[{"embeddable":true,"href":"http:\/\/dziennikgorski.type.pl\/index.php?rest_route=\/wp\/v2\/users\/1"}],"replies":[{"embeddable":true,"href":"http:\/\/dziennikgorski.type.pl\/index.php?rest_route=%2Fwp%2Fv2%2Fcomments&post=4819"}],"version-history":[{"count":2,"href":"http:\/\/dziennikgorski.type.pl\/index.php?rest_route=\/wp\/v2\/posts\/4819\/revisions"}],"predecessor-version":[{"id":4822,"href":"http:\/\/dziennikgorski.type.pl\/index.php?rest_route=\/wp\/v2\/posts\/4819\/revisions\/4822"}],"wp:attachment":[{"href":"http:\/\/dziennikgorski.type.pl\/index.php?rest_route=%2Fwp%2Fv2%2Fmedia&parent=4819"}],"wp:term":[{"taxonomy":"category","embeddable":true,"href":"http:\/\/dziennikgorski.type.pl\/index.php?rest_route=%2Fwp%2Fv2%2Fcategories&post=4819"},{"taxonomy":"post_tag","embeddable":true,"href":"http:\/\/dziennikgorski.type.pl\/index.php?rest_route=%2Fwp%2Fv2%2Ftags&post=4819"}],"curies":[{"name":"wp","href":"https:\/\/api.w.org\/{rel}","templated":true}]}}