{"id":4752,"date":"2020-12-26T20:24:05","date_gmt":"2020-12-26T19:24:05","guid":{"rendered":"http:\/\/dziennikgorski.type.pl\/?p=4752"},"modified":"2020-12-26T20:30:34","modified_gmt":"2020-12-26T19:30:34","slug":"czeretniki-2019-03-17","status":"publish","type":"post","link":"http:\/\/dziennikgorski.type.pl\/?p=4752","title":{"rendered":"Czeretniki \u2013 2019.03.17"},"content":{"rendered":"\n<figure class=\"wp-block-image\"><img loading=\"lazy\" decoding=\"async\" width=\"1280\" height=\"853\" src=\"http:\/\/dziennikgorski.type.pl\/wp-content\/uploads\/2020\/12\/20190317.jpg\" alt=\"\" class=\"wp-image-4753\" srcset=\"http:\/\/dziennikgorski.type.pl\/wp-content\/uploads\/2020\/12\/20190317.jpg 1280w, http:\/\/dziennikgorski.type.pl\/wp-content\/uploads\/2020\/12\/20190317-300x200.jpg 300w, http:\/\/dziennikgorski.type.pl\/wp-content\/uploads\/2020\/12\/20190317-900x600.jpg 900w\" sizes=\"(max-width: 1280px) 100vw, 1280px\" \/><\/figure>\n\n\n\n<!--more-->\n\n\n\n<p>Wybrali\u015bmy najmniejsze mo\u017cliwe g\u00f3ry. Spacer rozpocz\u0119li\u015bmy na grzbiecie, po dotarciu tam samochodami. Szli\u015bmy powoli, ostro\u017cnie, z przystankami. Pierwsza pr\u00f3ba wyj\u015bcia w teren po operacji, na chwiejnych nogach, z jeszcze &#8220;rozoran\u0105&#8221; jam\u0105 brzuszn\u0105.<\/p>\n\n\n\n<p>Odurzaj\u0105ce d\u017awi\u0119ki, barwy, zapachy. Niezwyk\u0142e prze\u017cycie.<br><\/p>\n\n\n\n<p>Gar\u015b\u0107 fotek: <strong><a rel=\"noreferrer noopener\" aria-label=\"LINK (otwiera si\u0119 na nowej zak\u0142adce)\" href=\"http:\/\/www.dziennikgorski.type.pl\/zdjecia\/picture.php?\/5131\/category\/186\" target=\"_blank\">LINK<\/a><\/strong><\/p>\n\n\n\n<p>Oliwia, Anna, Micha\u0142  |  Miko\u0142aj, Ines, Sebastian<\/p>\n","protected":false},"excerpt":{"rendered":"","protected":false},"author":1,"featured_media":0,"comment_status":"closed","ping_status":"closed","sticky":false,"template":"","format":"standard","meta":{"footnotes":""},"categories":[6],"tags":[77,123],"_links":{"self":[{"href":"http:\/\/dziennikgorski.type.pl\/index.php?rest_route=\/wp\/v2\/posts\/4752"}],"collection":[{"href":"http:\/\/dziennikgorski.type.pl\/index.php?rest_route=\/wp\/v2\/posts"}],"about":[{"href":"http:\/\/dziennikgorski.type.pl\/index.php?rest_route=\/wp\/v2\/types\/post"}],"author":[{"embeddable":true,"href":"http:\/\/dziennikgorski.type.pl\/index.php?rest_route=\/wp\/v2\/users\/1"}],"replies":[{"embeddable":true,"href":"http:\/\/dziennikgorski.type.pl\/index.php?rest_route=%2Fwp%2Fv2%2Fcomments&post=4752"}],"version-history":[{"count":3,"href":"http:\/\/dziennikgorski.type.pl\/index.php?rest_route=\/wp\/v2\/posts\/4752\/revisions"}],"predecessor-version":[{"id":4756,"href":"http:\/\/dziennikgorski.type.pl\/index.php?rest_route=\/wp\/v2\/posts\/4752\/revisions\/4756"}],"wp:attachment":[{"href":"http:\/\/dziennikgorski.type.pl\/index.php?rest_route=%2Fwp%2Fv2%2Fmedia&parent=4752"}],"wp:term":[{"taxonomy":"category","embeddable":true,"href":"http:\/\/dziennikgorski.type.pl\/index.php?rest_route=%2Fwp%2Fv2%2Fcategories&post=4752"},{"taxonomy":"post_tag","embeddable":true,"href":"http:\/\/dziennikgorski.type.pl\/index.php?rest_route=%2Fwp%2Fv2%2Ftags&post=4752"}],"curies":[{"name":"wp","href":"https:\/\/api.w.org\/{rel}","templated":true}]}}