{"id":2678,"date":"2016-03-24T14:59:43","date_gmt":"2016-03-24T13:59:43","guid":{"rendered":"http:\/\/dziennikgorski.type.pl\/?p=2678"},"modified":"2016-03-24T14:59:43","modified_gmt":"2016-03-24T13:59:43","slug":"palenica-p12w-2014-03-31","status":"publish","type":"post","link":"http:\/\/dziennikgorski.type.pl\/?p=2678","title":{"rendered":"Palenica P12W \u2013 2014.03.31"},"content":{"rendered":"<p><a href=\"http:\/\/dziennikgorski.type.pl\/?attachment_id=2679\" rel=\"attachment wp-att-2679\"><img loading=\"lazy\" decoding=\"async\" class=\"alignnone size-full wp-image-2679\" src=\"http:\/\/dziennikgorski.type.pl\/wp-content\/uploads\/2016\/03\/20140331.jpg\" alt=\"20140331\" width=\"1024\" height=\"683\" data-id=\"2679\" srcset=\"http:\/\/dziennikgorski.type.pl\/wp-content\/uploads\/2016\/03\/20140331.jpg 1024w, http:\/\/dziennikgorski.type.pl\/wp-content\/uploads\/2016\/03\/20140331-300x200.jpg 300w, http:\/\/dziennikgorski.type.pl\/wp-content\/uploads\/2016\/03\/20140331-900x600.jpg 900w, http:\/\/dziennikgorski.type.pl\/wp-content\/uploads\/2016\/03\/20140331-600x400.jpg 600w, http:\/\/dziennikgorski.type.pl\/wp-content\/uploads\/2016\/03\/20140331-640x427.jpg 640w\" sizes=\"(max-width: 1024px) 100vw, 1024px\" \/><\/a><\/p>\n<p><!--more--><\/p>\n<h5>(Fot. z telefonu)<\/h5>\n<p>Po\u0142udniowy podbieg. Testowanie nowego wariantu na odcinku &#8220;poziomym&#8221;. Pokonuj\u0105c odcinek &#8220;pionowy&#8221; chyba pierwszy raz w tym roku wyczu\u0142em w powietrzu lekki zaduch, przypominaj\u0105cy o nieuchronnie zbli\u017caj\u0105cym si\u0119 lecie.<br \/>\nKorekta poprzedniego czasu. Osi\u0105gn\u0105\u0142em najlepszy w ca\u0142ej historii tej trasy wynik w presti\u017cowej kategorii &#8220;Zawodnicy nie b\u0119d\u0105cy Micha\u0142em G.&#8221;.<\/p>\n<p>Sebastian<\/p>\n","protected":false},"excerpt":{"rendered":"","protected":false},"author":1,"featured_media":0,"comment_status":"closed","ping_status":"closed","sticky":false,"template":"","format":"standard","meta":{"footnotes":""},"categories":[7],"tags":[20,48],"_links":{"self":[{"href":"http:\/\/dziennikgorski.type.pl\/index.php?rest_route=\/wp\/v2\/posts\/2678"}],"collection":[{"href":"http:\/\/dziennikgorski.type.pl\/index.php?rest_route=\/wp\/v2\/posts"}],"about":[{"href":"http:\/\/dziennikgorski.type.pl\/index.php?rest_route=\/wp\/v2\/types\/post"}],"author":[{"embeddable":true,"href":"http:\/\/dziennikgorski.type.pl\/index.php?rest_route=\/wp\/v2\/users\/1"}],"replies":[{"embeddable":true,"href":"http:\/\/dziennikgorski.type.pl\/index.php?rest_route=%2Fwp%2Fv2%2Fcomments&post=2678"}],"version-history":[{"count":1,"href":"http:\/\/dziennikgorski.type.pl\/index.php?rest_route=\/wp\/v2\/posts\/2678\/revisions"}],"predecessor-version":[{"id":2680,"href":"http:\/\/dziennikgorski.type.pl\/index.php?rest_route=\/wp\/v2\/posts\/2678\/revisions\/2680"}],"wp:attachment":[{"href":"http:\/\/dziennikgorski.type.pl\/index.php?rest_route=%2Fwp%2Fv2%2Fmedia&parent=2678"}],"wp:term":[{"taxonomy":"category","embeddable":true,"href":"http:\/\/dziennikgorski.type.pl\/index.php?rest_route=%2Fwp%2Fv2%2Fcategories&post=2678"},{"taxonomy":"post_tag","embeddable":true,"href":"http:\/\/dziennikgorski.type.pl\/index.php?rest_route=%2Fwp%2Fv2%2Ftags&post=2678"}],"curies":[{"name":"wp","href":"https:\/\/api.w.org\/{rel}","templated":true}]}}