{"id":2588,"date":"2016-02-12T18:33:04","date_gmt":"2016-02-12T17:33:04","guid":{"rendered":"http:\/\/dziennikgorski.type.pl\/?p=2588"},"modified":"2016-02-12T18:33:04","modified_gmt":"2016-02-12T17:33:04","slug":"palenica-p12w-2014-03-08","status":"publish","type":"post","link":"http:\/\/dziennikgorski.type.pl\/?p=2588","title":{"rendered":"Palenica P12W \u2013 2014.03.08"},"content":{"rendered":"<p><a href=\"http:\/\/dziennikgorski.type.pl\/?attachment_id=2589\" rel=\"attachment wp-att-2589\"><img loading=\"lazy\" decoding=\"async\" class=\"alignnone size-full wp-image-2589\" src=\"http:\/\/dziennikgorski.type.pl\/wp-content\/uploads\/2016\/02\/20140308.jpg\" alt=\"20140308\" width=\"1024\" height=\"683\" srcset=\"http:\/\/dziennikgorski.type.pl\/wp-content\/uploads\/2016\/02\/20140308.jpg 1024w, http:\/\/dziennikgorski.type.pl\/wp-content\/uploads\/2016\/02\/20140308-300x200.jpg 300w, http:\/\/dziennikgorski.type.pl\/wp-content\/uploads\/2016\/02\/20140308-600x400.jpg 600w\" sizes=\"(max-width: 1024px) 100vw, 1024px\" \/><\/a><\/p>\n<p><!--more--><\/p>\n<h5>(Fot. z telefonu)<\/h5>\n<p>Desperacka pr\u00f3ba zrobienia czegokolwiek z wynikiem osi\u0105gni\u0119tym dzie\u0144 wcze\u015bniej. Tym razem ku\u015btyka\u0142em w godzinach popo\u0142udniowych.<br \/>\nMo\u017ce to kwestia szczeg\u00f3lnego \u015bwiat\u0142a, ale wszystko na trasie wydawa\u0142o si\u0119 bardzo \u0142adne.<\/p>\n<p>Sebastian<\/p>\n","protected":false},"excerpt":{"rendered":"","protected":false},"author":1,"featured_media":0,"comment_status":"closed","ping_status":"closed","sticky":false,"template":"","format":"standard","meta":{"footnotes":""},"categories":[7],"tags":[20,48],"_links":{"self":[{"href":"http:\/\/dziennikgorski.type.pl\/index.php?rest_route=\/wp\/v2\/posts\/2588"}],"collection":[{"href":"http:\/\/dziennikgorski.type.pl\/index.php?rest_route=\/wp\/v2\/posts"}],"about":[{"href":"http:\/\/dziennikgorski.type.pl\/index.php?rest_route=\/wp\/v2\/types\/post"}],"author":[{"embeddable":true,"href":"http:\/\/dziennikgorski.type.pl\/index.php?rest_route=\/wp\/v2\/users\/1"}],"replies":[{"embeddable":true,"href":"http:\/\/dziennikgorski.type.pl\/index.php?rest_route=%2Fwp%2Fv2%2Fcomments&post=2588"}],"version-history":[{"count":1,"href":"http:\/\/dziennikgorski.type.pl\/index.php?rest_route=\/wp\/v2\/posts\/2588\/revisions"}],"predecessor-version":[{"id":2590,"href":"http:\/\/dziennikgorski.type.pl\/index.php?rest_route=\/wp\/v2\/posts\/2588\/revisions\/2590"}],"wp:attachment":[{"href":"http:\/\/dziennikgorski.type.pl\/index.php?rest_route=%2Fwp%2Fv2%2Fmedia&parent=2588"}],"wp:term":[{"taxonomy":"category","embeddable":true,"href":"http:\/\/dziennikgorski.type.pl\/index.php?rest_route=%2Fwp%2Fv2%2Fcategories&post=2588"},{"taxonomy":"post_tag","embeddable":true,"href":"http:\/\/dziennikgorski.type.pl\/index.php?rest_route=%2Fwp%2Fv2%2Ftags&post=2588"}],"curies":[{"name":"wp","href":"https:\/\/api.w.org\/{rel}","templated":true}]}}