{"id":2585,"date":"2016-02-12T18:30:16","date_gmt":"2016-02-12T17:30:16","guid":{"rendered":"http:\/\/dziennikgorski.type.pl\/?p=2585"},"modified":"2016-02-12T18:36:32","modified_gmt":"2016-02-12T17:36:32","slug":"palenica-p12w-2014-03-07","status":"publish","type":"post","link":"http:\/\/dziennikgorski.type.pl\/?p=2585","title":{"rendered":"Palenica P12W \u2013 2014.03.07"},"content":{"rendered":"<p><a href=\"http:\/\/dziennikgorski.type.pl\/?attachment_id=2586\" rel=\"attachment wp-att-2586\"><img loading=\"lazy\" decoding=\"async\" class=\"alignnone size-full wp-image-2586\" src=\"http:\/\/dziennikgorski.type.pl\/wp-content\/uploads\/2016\/02\/20140307.jpg\" alt=\"20140307\" width=\"1024\" height=\"683\" srcset=\"http:\/\/dziennikgorski.type.pl\/wp-content\/uploads\/2016\/02\/20140307.jpg 1024w, http:\/\/dziennikgorski.type.pl\/wp-content\/uploads\/2016\/02\/20140307-300x200.jpg 300w, http:\/\/dziennikgorski.type.pl\/wp-content\/uploads\/2016\/02\/20140307-600x400.jpg 600w\" sizes=\"(max-width: 1024px) 100vw, 1024px\" \/><\/a><\/p>\n<p><!--more--><\/p>\n<h5>(Fot. z telefonu)<\/h5>\n<p>W ramach walki z kontuzj\u0105, mi\u0119dzy kolejnymi prze\u015bwietleniami wype\u0142z\u0142em wieczorow\u0105 por\u0105 na Palenic\u0119, osi\u0105gaj\u0105c odwrotnie rekordowy czas. U g\u00f3ry z nieba spada\u0142a mieszanka deszczu z kasz\u0105 mann\u0105.<br \/>\nNast\u0119pnie, w ciemno\u015bciach okr\u0105\u017cy\u0142em zbiornik wodny. Po drodze odezwa\u0142 (-a) mi si\u0119 nad g\u0142ow\u0105 puchacz (sowa?).<\/p>\n<p>Sebastian<\/p>\n","protected":false},"excerpt":{"rendered":"","protected":false},"author":1,"featured_media":0,"comment_status":"closed","ping_status":"closed","sticky":false,"template":"","format":"standard","meta":{"footnotes":""},"categories":[7],"tags":[20,48],"_links":{"self":[{"href":"http:\/\/dziennikgorski.type.pl\/index.php?rest_route=\/wp\/v2\/posts\/2585"}],"collection":[{"href":"http:\/\/dziennikgorski.type.pl\/index.php?rest_route=\/wp\/v2\/posts"}],"about":[{"href":"http:\/\/dziennikgorski.type.pl\/index.php?rest_route=\/wp\/v2\/types\/post"}],"author":[{"embeddable":true,"href":"http:\/\/dziennikgorski.type.pl\/index.php?rest_route=\/wp\/v2\/users\/1"}],"replies":[{"embeddable":true,"href":"http:\/\/dziennikgorski.type.pl\/index.php?rest_route=%2Fwp%2Fv2%2Fcomments&post=2585"}],"version-history":[{"count":3,"href":"http:\/\/dziennikgorski.type.pl\/index.php?rest_route=\/wp\/v2\/posts\/2585\/revisions"}],"predecessor-version":[{"id":2592,"href":"http:\/\/dziennikgorski.type.pl\/index.php?rest_route=\/wp\/v2\/posts\/2585\/revisions\/2592"}],"wp:attachment":[{"href":"http:\/\/dziennikgorski.type.pl\/index.php?rest_route=%2Fwp%2Fv2%2Fmedia&parent=2585"}],"wp:term":[{"taxonomy":"category","embeddable":true,"href":"http:\/\/dziennikgorski.type.pl\/index.php?rest_route=%2Fwp%2Fv2%2Fcategories&post=2585"},{"taxonomy":"post_tag","embeddable":true,"href":"http:\/\/dziennikgorski.type.pl\/index.php?rest_route=%2Fwp%2Fv2%2Ftags&post=2585"}],"curies":[{"name":"wp","href":"https:\/\/api.w.org\/{rel}","templated":true}]}}