{"id":2250,"date":"2015-10-13T20:20:22","date_gmt":"2015-10-13T19:20:22","guid":{"rendered":"http:\/\/dziennikgorski.type.pl\/?p=2250"},"modified":"2015-10-14T17:21:13","modified_gmt":"2015-10-14T16:21:13","slug":"palenica-2015-10-13","status":"publish","type":"post","link":"http:\/\/dziennikgorski.type.pl\/?p=2250","title":{"rendered":"Palenica \u2013 2015.10.13"},"content":{"rendered":"<p><a href=\"http:\/\/dziennikgorski.type.pl\/?attachment_id=2251\" rel=\"attachment wp-att-2251\"><img loading=\"lazy\" decoding=\"async\" class=\"alignnone size-full wp-image-2251\" src=\"http:\/\/dziennikgorski.type.pl\/wp-content\/uploads\/2015\/10\/20151013.jpg\" alt=\"20151013\" width=\"1024\" height=\"576\" srcset=\"http:\/\/dziennikgorski.type.pl\/wp-content\/uploads\/2015\/10\/20151013.jpg 1024w, http:\/\/dziennikgorski.type.pl\/wp-content\/uploads\/2015\/10\/20151013-300x169.jpg 300w, http:\/\/dziennikgorski.type.pl\/wp-content\/uploads\/2015\/10\/20151013-600x338.jpg 600w\" sizes=\"(max-width: 1024px) 100vw, 1024px\" \/><\/a><\/p>\n<p><!--more--><\/p>\n<p>Popo\u0142udniowo-wieczorna pr\u00f3ba powrotu do \u015bwiata \u017cywych, a przynajmniej do tej jego\u00a0cz\u0119\u015bci, kt\u00f3ra dzia\u0142a w g\u00f3rach.\u00a0Podbieg na Palenic\u0119 (wariantem klasycznym), par\u0119 krok\u00f3w\u00a0grzbietem Kopanego, nast\u0119pnie niespieszne okr\u0105\u017cenie jeziora z zahaczeniem o le\u015bnicz\u00f3wk\u0119.<br \/>\nG\u00f3ry przyt\u0142oczone\u00a0szarymi chmurami.<br \/>\nWy\u017cej bia\u0142e plamy mokrego \u015bniegu. W dolinie: sytuacja hydrologiczna nadal daleka od normy. Z jeziora wyziera\u00a0spora cz\u0119\u015b\u0107\u00a0dna, a koryto\u00a0zasilaj\u0105cego zbiornik\u00a0potoku Wapienica jest kompletnie pozbawione wody.<br \/>\nOsi\u0105gni\u0119ty czas\u00a0okaza\u0142 si\u0119 o 1 minut\u0119 i prawie 21 sekund gorszy od osobistego rekordu\u00a0na tej trasie.<\/p>\n<p>Sebastian<\/p>\n","protected":false},"excerpt":{"rendered":"","protected":false},"author":1,"featured_media":0,"comment_status":"closed","ping_status":"closed","sticky":false,"template":"","format":"standard","meta":{"footnotes":""},"categories":[6],"tags":[20,48],"_links":{"self":[{"href":"http:\/\/dziennikgorski.type.pl\/index.php?rest_route=\/wp\/v2\/posts\/2250"}],"collection":[{"href":"http:\/\/dziennikgorski.type.pl\/index.php?rest_route=\/wp\/v2\/posts"}],"about":[{"href":"http:\/\/dziennikgorski.type.pl\/index.php?rest_route=\/wp\/v2\/types\/post"}],"author":[{"embeddable":true,"href":"http:\/\/dziennikgorski.type.pl\/index.php?rest_route=\/wp\/v2\/users\/1"}],"replies":[{"embeddable":true,"href":"http:\/\/dziennikgorski.type.pl\/index.php?rest_route=%2Fwp%2Fv2%2Fcomments&post=2250"}],"version-history":[{"count":6,"href":"http:\/\/dziennikgorski.type.pl\/index.php?rest_route=\/wp\/v2\/posts\/2250\/revisions"}],"predecessor-version":[{"id":2271,"href":"http:\/\/dziennikgorski.type.pl\/index.php?rest_route=\/wp\/v2\/posts\/2250\/revisions\/2271"}],"wp:attachment":[{"href":"http:\/\/dziennikgorski.type.pl\/index.php?rest_route=%2Fwp%2Fv2%2Fmedia&parent=2250"}],"wp:term":[{"taxonomy":"category","embeddable":true,"href":"http:\/\/dziennikgorski.type.pl\/index.php?rest_route=%2Fwp%2Fv2%2Fcategories&post=2250"},{"taxonomy":"post_tag","embeddable":true,"href":"http:\/\/dziennikgorski.type.pl\/index.php?rest_route=%2Fwp%2Fv2%2Ftags&post=2250"}],"curies":[{"name":"wp","href":"https:\/\/api.w.org\/{rel}","templated":true}]}}