{"id":2104,"date":"2015-09-02T10:45:42","date_gmt":"2015-09-02T09:45:42","guid":{"rendered":"http:\/\/dziennikgorski.type.pl\/?p=2104"},"modified":"2015-09-02T11:26:25","modified_gmt":"2015-09-02T10:26:25","slug":"szyndzielnia-p12w-2015-08-26","status":"publish","type":"post","link":"http:\/\/dziennikgorski.type.pl\/?p=2104","title":{"rendered":"Szyndzielnia P12W \u2013 2015.08.26"},"content":{"rendered":"<p><a href=\"http:\/\/dziennikgorski.type.pl\/?attachment_id=2105\" rel=\"attachment wp-att-2105\"><img loading=\"lazy\" decoding=\"async\" class=\"alignnone size-full wp-image-2105\" src=\"http:\/\/dziennikgorski.type.pl\/wp-content\/uploads\/2015\/09\/20150826.jpg\" alt=\"20150826\" width=\"1024\" height=\"577\" srcset=\"http:\/\/dziennikgorski.type.pl\/wp-content\/uploads\/2015\/09\/20150826.jpg 1024w, http:\/\/dziennikgorski.type.pl\/wp-content\/uploads\/2015\/09\/20150826-300x169.jpg 300w, http:\/\/dziennikgorski.type.pl\/wp-content\/uploads\/2015\/09\/20150826-600x338.jpg 600w\" sizes=\"(max-width: 1024px) 100vw, 1024px\" \/><\/a><\/p>\n<p><!--more--><\/p>\n<p>Wieczorny trening w trosce o kondycj\u0119. Autor niniejszego sprawozdania z Miko\u0142ajem podbiegali dzikim i stromym wariantem wzd\u0142u\u017c kolejki linowej, natomiast Ines wybra\u0142a tras\u0119 znakowan\u0105\u00a0\u2013 uzyskuj\u0105c r\u00f3wnie\u017c ca\u0142kiem niez\u0142y wynik.<br \/>\nPo przekroczeniu linii mety\u00a0zd\u0105\u017cyli\u015bmy jeszcze za\u0142apa\u0107 si\u0119 na dopiero co wybudowan\u0105 wie\u017c\u0119 widokow\u0105 (zamykan\u0105 o godzinie 19:30). Roztacza si\u0119 stamt\u0105d zaskakuj\u0105co \u0142adna\u00a0panorama.<br \/>\nNa tarasie obok g\u00f3rnej stacji kolejki linowej rozwin\u0119\u0142o si\u0119 \u017cycie towarzyskie, trwaj\u0105ce podczas zej\u015bcia przez Sahar\u0119.<\/p>\n<p>Aktualne wyniki rywalizacji: <a title=\"Kliknij...\" href=\"http:\/\/www.jaskinie.bialy-orzel.com.pl\/Zar.htm\" target=\"_blank\"><strong>LINK<\/strong><\/a><\/p>\n<p>Kilka dalszych zdj\u0119\u0107: <a title=\"Kliknij...\" href=\"http:\/\/www.dziennikgorski.type.pl\/zdjecia\/picture.php?\/498\/category\/40\" target=\"_blank\"><strong>LINK<\/strong><\/a><\/p>\n<p>Beata, Pawe\u0142, Katarzyna, Krzysztof B., Krzysztof G. (rowerzysta), Zosia, Rafa\u0142, Jerzy G., Jerzy P. \u00a0| \u00a0B\u00e9ke (<em>Canis lupus familiaris<\/em>), Wpinka (<em>Canis lupus familiaris<\/em>) \u00a0| \u00a0Miko\u0142aj, Ines, Sebastian<\/p>\n","protected":false},"excerpt":{"rendered":"","protected":false},"author":1,"featured_media":0,"comment_status":"closed","ping_status":"closed","sticky":false,"template":"","format":"standard","meta":{"footnotes":""},"categories":[6],"tags":[20,48],"_links":{"self":[{"href":"http:\/\/dziennikgorski.type.pl\/index.php?rest_route=\/wp\/v2\/posts\/2104"}],"collection":[{"href":"http:\/\/dziennikgorski.type.pl\/index.php?rest_route=\/wp\/v2\/posts"}],"about":[{"href":"http:\/\/dziennikgorski.type.pl\/index.php?rest_route=\/wp\/v2\/types\/post"}],"author":[{"embeddable":true,"href":"http:\/\/dziennikgorski.type.pl\/index.php?rest_route=\/wp\/v2\/users\/1"}],"replies":[{"embeddable":true,"href":"http:\/\/dziennikgorski.type.pl\/index.php?rest_route=%2Fwp%2Fv2%2Fcomments&post=2104"}],"version-history":[{"count":8,"href":"http:\/\/dziennikgorski.type.pl\/index.php?rest_route=\/wp\/v2\/posts\/2104\/revisions"}],"predecessor-version":[{"id":2118,"href":"http:\/\/dziennikgorski.type.pl\/index.php?rest_route=\/wp\/v2\/posts\/2104\/revisions\/2118"}],"wp:attachment":[{"href":"http:\/\/dziennikgorski.type.pl\/index.php?rest_route=%2Fwp%2Fv2%2Fmedia&parent=2104"}],"wp:term":[{"taxonomy":"category","embeddable":true,"href":"http:\/\/dziennikgorski.type.pl\/index.php?rest_route=%2Fwp%2Fv2%2Fcategories&post=2104"},{"taxonomy":"post_tag","embeddable":true,"href":"http:\/\/dziennikgorski.type.pl\/index.php?rest_route=%2Fwp%2Fv2%2Ftags&post=2104"}],"curies":[{"name":"wp","href":"https:\/\/api.w.org\/{rel}","templated":true}]}}