{"id":1713,"date":"2015-04-06T09:47:15","date_gmt":"2015-04-06T08:47:15","guid":{"rendered":"http:\/\/dziennikgorski.type.pl\/?p=1713"},"modified":"2021-09-19T19:47:12","modified_gmt":"2021-09-19T18:47:12","slug":"wykaz-kanionow-beskidzkich","status":"publish","type":"post","link":"http:\/\/dziennikgorski.type.pl\/?p=1713","title":{"rendered":"Wykaz kanion\u00f3w beskidzkich"},"content":{"rendered":"<p><!--more--><\/p>\n<h3><\/h3>\n<h3>Beskid \u015al\u0105ski<\/h3>\n<p><a title=\"Kliknij...\" href=\"http:\/\/dziennikgorski.type.pl\/?p=867\"><strong>C.Bs-01.01 \u2013 Potok Suchy (Czantoria)<\/strong><\/a><\/p>\n<p><a title=\"Kliknij...\" href=\"http:\/\/dziennikgorski.type.pl\/?p=1825\"><strong>C.Bs-01.02 \u2013\u00a0Potok Gronik<\/strong><\/a><\/p>\n<p><a title=\"Kliknij...\" href=\"http:\/\/dziennikgorski.type.pl\/?p=872\"><strong>C.Bs-02.01 \u2013 Potok Czarny<\/strong><\/a><\/p>\n<p><a title=\"Kliknij...\" href=\"http:\/\/dziennikgorski.type.pl\/?p=875\"><strong>C.Bs-02.02 \u2013 Dolina Zimnika<\/strong><\/a><\/p>\n<p><a title=\"Kliknij...\" href=\"http:\/\/dziennikgorski.type.pl\/?p=878\"><strong>C.Bs-03.01 \u2013 Potok Malin\u00f3w<\/strong><\/a><\/p>\n<p><a title=\"Kliknij...\" href=\"http:\/\/dziennikgorski.type.pl\/?p=882\"><strong>C.Bs-03.02 \u2013 Spaleniec<\/strong><\/a><\/p>\n<p><a title=\"Kliknij...\" href=\"http:\/\/dziennikgorski.type.pl\/?p=885\"><strong>C.Bs-03.03 \u2013 \u017bylica \u2013 Szczyrk<\/strong><\/a><\/p>\n<p><a title=\"Kliknij...\" href=\"http:\/\/dziennikgorski.type.pl\/?p=888\"><strong>C.Bs-04.01 \u2013 Jasionka<\/strong><\/a><\/p>\n<p><a title=\"Kliknij...\" href=\"http:\/\/dziennikgorski.type.pl\/?p=891\"><strong>C.Bs-04.02 \u2013 Szalinowy Potok<\/strong><\/a><\/p>\n<p><a title=\"Kliknij...\" href=\"http:\/\/dziennikgorski.type.pl\/?p=895\"><strong>C.Bs-04.03 \u2013 Potok Wysoki<\/strong><\/a><\/p>\n<p><a href=\"http:\/\/dziennikgorski.type.pl\/?p=4784\"><strong>C.Bs-04.04 \u2013 Potok Barbara (g\u00f3rna cz\u0119\u015b\u0107)<\/strong><\/a><\/p>\n<h3>Beskid Ma\u0142y<\/h3>\n<p><strong><a href=\"http:\/\/dziennikgorski.type.pl\/?p=2924\">C.Bm-01.01 \u2013 Kanion z Filarem<\/a><\/strong><\/p>\n<p><a title=\"Kliknij...\" href=\"http:\/\/dziennikgorski.type.pl\/?p=863\"><strong>C.Bm-02.01 \u2013 Dusica<\/strong><\/a><\/p>\n<p><a href=\"http:\/\/dziennikgorski.type.pl\/?p=3453\"><strong>C.Bm-02.02 \u2013 Kanion pod Z\u0142ot\u0105 G\u00f3r\u0105<\/strong><\/a><\/p>\n<p><a href=\"http:\/\/dziennikgorski.type.pl\/?p=3545\"><strong>C.Bm-02.03 \u2013 Wieprz\u00f3wka w Zag\u00f3rniku<\/strong><\/a><\/p>\n<h3>Beskid \u017bywiecki<\/h3>\n<p><a title=\"Kliknij...\" href=\"http:\/\/dziennikgorski.type.pl\/?p=899\"><strong>C.B\u017c-02.01 \u2013 Wodospad w Sopotni Wielkiej<\/strong><\/a><\/p>\n<p><a title=\"Kliknij...\" href=\"http:\/\/dziennikgorski.type.pl\/?p=902\"><strong>C.B\u017c-05.01 \u2013 Wodospad na Mosornym Potoku<\/strong><\/a><\/p>\n<p><a title=\"Kliknij...\" href=\"http:\/\/dziennikgorski.type.pl\/?p=905\"><strong>C.B\u017c-06.01 \u2013 Skawica w Zawoi Dolnej<\/strong><\/a><\/p>\n","protected":false},"excerpt":{"rendered":"","protected":false},"author":1,"featured_media":0,"comment_status":"closed","ping_status":"closed","sticky":false,"template":"","format":"standard","meta":{"footnotes":""},"categories":[22],"tags":[],"_links":{"self":[{"href":"http:\/\/dziennikgorski.type.pl\/index.php?rest_route=\/wp\/v2\/posts\/1713"}],"collection":[{"href":"http:\/\/dziennikgorski.type.pl\/index.php?rest_route=\/wp\/v2\/posts"}],"about":[{"href":"http:\/\/dziennikgorski.type.pl\/index.php?rest_route=\/wp\/v2\/types\/post"}],"author":[{"embeddable":true,"href":"http:\/\/dziennikgorski.type.pl\/index.php?rest_route=\/wp\/v2\/users\/1"}],"replies":[{"embeddable":true,"href":"http:\/\/dziennikgorski.type.pl\/index.php?rest_route=%2Fwp%2Fv2%2Fcomments&post=1713"}],"version-history":[{"count":14,"href":"http:\/\/dziennikgorski.type.pl\/index.php?rest_route=\/wp\/v2\/posts\/1713\/revisions"}],"predecessor-version":[{"id":4795,"href":"http:\/\/dziennikgorski.type.pl\/index.php?rest_route=\/wp\/v2\/posts\/1713\/revisions\/4795"}],"wp:attachment":[{"href":"http:\/\/dziennikgorski.type.pl\/index.php?rest_route=%2Fwp%2Fv2%2Fmedia&parent=1713"}],"wp:term":[{"taxonomy":"category","embeddable":true,"href":"http:\/\/dziennikgorski.type.pl\/index.php?rest_route=%2Fwp%2Fv2%2Fcategories&post=1713"},{"taxonomy":"post_tag","embeddable":true,"href":"http:\/\/dziennikgorski.type.pl\/index.php?rest_route=%2Fwp%2Fv2%2Ftags&post=1713"}],"curies":[{"name":"wp","href":"https:\/\/api.w.org\/{rel}","templated":true}]}}